{"id":31608,"date":"2023-12-13T12:02:38","date_gmt":"2023-12-13T15:02:38","guid":{"rendered":"https:\/\/ncpadvogados.com.br\/?p=31608"},"modified":"2023-12-13T16:45:33","modified_gmt":"2023-12-13T19:45:33","slug":"noticias-do-tst-rescisao-indireta-quando-a-relacao-empregaticia-se-torna-insustentavel","status":"publish","type":"post","link":"https:\/\/ncpadvogados.com.br\/index.php\/2023\/12\/13\/noticias-do-tst-rescisao-indireta-quando-a-relacao-empregaticia-se-torna-insustentavel\/","title":{"rendered":"Not\u00edcias do TST: Rescis\u00e3o indireta: quando a rela\u00e7\u00e3o empregat\u00edcia se torna insustent\u00e1vel"},"content":{"rendered":"<p>Na vida profissional, nem sempre as coisas acontecem como deveriam. Situa\u00e7\u00f5es desgastantes e, por vezes, prejudiciais \u00e0 sa\u00fade f\u00edsica e mental no ambiente de trabalho podem levar um empregado a legalmente se recusar a realizar determinada tarefa ou at\u00e9 mesmo considerar a rescis\u00e3o do seu contrato de emprego. Nesse contexto, quando o empregador n\u00e3o cumpre obriga\u00e7\u00f5es importantes, a rescis\u00e3o indireta surge como uma alternativa. Mas o que \u00e9 uma rescis\u00e3o indireta e em que circunst\u00e2ncias ela \u00e9 poss\u00edvel?<\/p>\n<h4>Justa causa<\/h4>\n<p>A rescis\u00e3o indireta se assemelha \u00e0 demiss\u00e3o por justa causa, mas, no lugar do empregado, \u00e9 o empregador quem comete a falta grave que impede a continuidade da rela\u00e7\u00e3o de emprego. Trata-se de uma forma especial de encerrar o contrato de trabalho, que geralmente se efetiva por meio de um processo judicial. Uma vez reconhecida, o trabalhador tem direito a todas as verbas rescis\u00f3rias a que teria direito no caso de dispensa imotivada.<\/p>\n<h4>Previs\u00e3o legal<\/h4>\n<p>O artigo 483 da CLT \u00a0enumera as faltas graves do empregador que podem motivar a rescis\u00e3o indireta. Entre elas est\u00e3o o descumprimento de obriga\u00e7\u00f5es contratuais, atos lesivos \u00e0 honra do empregado e sua submiss\u00e3o a perigo manifesto de mal consider\u00e1vel.<\/p>\n<h4>Conduta intoler\u00e1vel<\/h4>\n<p>Nesses casos, quando a pessoa se v\u00ea numa circunst\u00e2ncia em que a conduta do empregador torna praticamente intoler\u00e1vel a continuidade da sua presta\u00e7\u00e3o de servi\u00e7os, ela pode se valer da Justi\u00e7a do Trabalho para que seja reconhecido o seu direito \u00e0 rescis\u00e3o indireta do seu contrato de trabalho.<\/p>\n<h4>Situa\u00e7\u00f5es<\/h4>\n<p>Os diversos \u00f3rg\u00e3os julgadores do Tribunal Superior do Trabalho, interpretando o artigo 483 da\u00a0<a href=\"https:\/\/corpus927.enfam.jus.br\/legislacao\/CLT-43#art-483\" target=\"_blank\" rel=\"noopener\" data-senna-off=\"true\">CLT<\/a>, t\u00eam reconhecido o direito \u00e0 rescis\u00e3o indireta em diversas situa\u00e7\u00f5es. Os casos mais comuns dizem respeito a:<\/p>\n<p>.\u00a0<a href=\"https:\/\/www.tst.jus.br\/-\/professora-obt%C3%A9m-rescis%C3%A3o-indireta-por-atraso-de-dois-meses-no-pagamento-de-sal%C3%A1rios\" target=\"_blank\" rel=\"noopener\" data-senna-off=\"true\">Atraso reiterado no pagamento de sal\u00e1rios e n\u00e3o recolhimento do FGTS<\/a>: quando o empregador atrasa os sal\u00e1rios de maneira reiterada ou deixa de recolher os dep\u00f3sitos do FGTS regularmente.<\/p>\n<p>.\u00a0<a href=\"https:\/\/consultaprocessual.tst.jus.br\/consultaProcessual\/resumoForm.do?consulta=1&amp;numeroInt=171101&amp;anoInt=2015\" target=\"_blank\" rel=\"noopener\" data-senna-off=\"true\">N\u00e3o fornecimento de equipamento de prote\u00e7\u00e3o individual (EPI)<\/a>: quando o empregador n\u00e3o oferece condi\u00e7\u00f5es de trabalho seguras e saud\u00e1veis, colocando a sa\u00fade do empregado em risco pela n\u00e3o concess\u00e3o dos EPIs necess\u00e1rios para o desempenho da atividade.<\/p>\n<p>.\u00a0<a href=\"https:\/\/consultaprocessual.tst.jus.br\/consultaProcessual\/resumoForm.do?consulta=1&amp;numeroInt=337755&amp;anoInt=2019\" target=\"_blank\" rel=\"noopener\" data-senna-off=\"true\">N\u00e3o pagamento do adicional de insalubridade ou de periculosidade<\/a>:\u00a0quando o empregador n\u00e3o cumpre obriga\u00e7\u00e3o de pagar a parcela como contrapresta\u00e7\u00e3o ao trabalho exercido com risco \u00e0 sa\u00fade.<\/p>\n<p>.\u00a0<a href=\"https:\/\/consultaprocessual.tst.jus.br\/consultaProcessual\/resumoForm.do?consulta=1&amp;numeroInt=177882&amp;anoInt=2016\" target=\"_blank\" rel=\"noopener\" data-senna-off=\"true\">N\u00e3o pagamento de horas extras<\/a>: quando o empregador descumpre obriga\u00e7\u00e3o de pagar pelas horas extraordin\u00e1rias efetivamente trabalhadas pelo empregado.<\/p>\n<p>.\u00a0<a href=\"https:\/\/consultaprocessual.tst.jus.br\/consultaProcessual\/resumoForm.do?consulta=1&amp;numeroInt=63509&amp;anoInt=2021\" target=\"_blank\" rel=\"noopener\" data-senna-off=\"true\">Ass\u00e9dio moral<\/a>: quando o empregado sofre ass\u00e9dio moral e o empregador permite essa pr\u00e1tica sem tomar medidas para coibi-la.<\/p>\n<p>.\u00a0<a href=\"https:\/\/consultaprocessual.tst.jus.br\/consultaProcessual\/resumoForm.do?consulta=1&amp;numeroInt=96862&amp;anoInt=2018\" target=\"_blank\" rel=\"noopener\" data-senna-off=\"true\">Agress\u00e3o f\u00edsica e submiss\u00e3o a perigo manifesto de mal consider\u00e1vel<\/a>: quando o empregador ou algum dos seus prepostos amea\u00e7am ou agridem fisicamente o empregado ou o submetem a um perigo real de sofrer algum dano relevante.<\/p>\n<p>. Redu\u00e7\u00e3o de horas ou de sal\u00e1rio sem acordo: Se o empregador reduzir o sal\u00e1rio ou as horas de trabalho do empregado sem acordo, isso pode ser motivo para a rescis\u00e3o indireta.<\/p>\n<h4>Consequ\u00eancias<\/h4>\n<p>O reconhecimento judicial da rescis\u00e3o indireta resulta na obriga\u00e7\u00e3o do empregador de pagar as verbas rescis\u00f3rias como se ele tivesse demitido o empregado sem justa causa. Isso significa que o trabalhador ter\u00e1 direito ao pagamento do saldo de sal\u00e1rios, aviso-pr\u00e9vio proporcional, com a proje\u00e7\u00e3o legal, f\u00e9rias proporcionais com abono de um ter\u00e7o, 13\u00ba sal\u00e1rio proporcional, libera\u00e7\u00e3o de saque do FGTS com multa de 40% e libera\u00e7\u00e3o das guias do seguro-desemprego, entre outras poss\u00edveis parcelas previstas em regulamento empresarial ou em normas coletivas.<\/p>\n<p>Quando o empregador n\u00e3o emite imediatamente as guias para saque do FGTS e do seguro-desemprego, a pr\u00f3pria decis\u00e3o judicial que reconhece a rescis\u00e3o indireta serve como documento h\u00e1bil \u00e0 libera\u00e7\u00e3o dessas verbas.<\/p>\n<h4>Formaliza\u00e7\u00e3o<\/h4>\n<p>Caso um empregado esteja sendo v\u00edtima do descumprimento reiterado da lei, \u00e9 importante que ele documente as irregularidades e leve ao conhecimento do empregador, para que sejam tomadas as devidas provid\u00eancias. Se a situa\u00e7\u00e3o se mantiver, o pedido de rescis\u00e3o indireta pode ser formalizado por meio de uma reclama\u00e7\u00e3o trabalhista. Isso pode ser feito pelo pr\u00f3prio empregado junto \u00e0 Vara do Trabalho mais pr\u00f3xima do local em que ele presta servi\u00e7os.<\/p>\n<p>Embora a orienta\u00e7\u00e3o jur\u00eddica profissional seja sempre recomendada, qualquer pessoa pode reivindicar os seus direitos junto \u00e0 Justi\u00e7a do Trabalho sem necessidade de contratar um advogado, por for\u00e7a do artigo 791 da CLT.<\/p>\n<h4>Direitos<\/h4>\n<p>\u00c9 importante que o empregado esteja ciente de que, no caso de indeferimento de seu pedido de rescis\u00e3o indireta na Justi\u00e7a do Trabalho, o contrato de emprego ser\u00e1 considerado terminado por sua pr\u00f3pria iniciativa, como se fosse um pedido de demiss\u00e3o.<\/p>\n<p>Dessa maneira, ele n\u00e3o ter\u00e1 direito a sacar o FGTS nem a receber a multa equivalente a 40% do seu saldo, al\u00e9m de n\u00e3o receber as guias para do seguro-desemprego. Tamb\u00e9m ficar\u00e1 sujeito ao pagamento de honor\u00e1rios de sucumb\u00eancia (devidos pela parte que perde a a\u00e7\u00e3o), calculados sobre o valor atualizado da causa,\u00a0<a href=\"https:\/\/www.tst.jus.br\/-\/honor%C3%A1rios-s%C3%B3-ser%C3%A3o-cobrados-quando-empregada-que-perdeu-a%C3%A7%C3%A3o-tiver-condi%C3%A7%C3%B5es-financeiras\" target=\"_blank\" rel=\"noopener\" data-senna-off=\"true\">observadas as regras espec\u00edficas aplic\u00e1veis aos benefici\u00e1rios da justi\u00e7a gratuita<\/a>.<\/p>\n<h4>Abandono de emprego<\/h4>\n<p>Em situa\u00e7\u00f5es em que a pessoa deixa de comparecer ao trabalho para, em seguida, ingressar com uma reclama\u00e7\u00e3o trabalhista buscando a rescis\u00e3o indireta, mas n\u00e3o tem sucesso, a jurisprud\u00eancia do TST tem entendido que\u00a0<a href=\"https:\/\/consultaprocessual.tst.jus.br\/consultaProcessual\/resumoForm.do?consulta=1&amp;numeroInt=91678&amp;anoInt=1997\" target=\"_blank\" rel=\"noopener\" data-senna-off=\"true\">esse comportamento, por si s\u00f3, n\u00e3o caracteriza abandono de emprego<\/a>\u00a0pass\u00edvel de justa causa.<\/p>\n<p>A raz\u00e3o \u00e9 que a aus\u00eancia do empregado para pedir a rescis\u00e3o indireta do contrato de trabalho constitui o exerc\u00edcio leg\u00edtimo de um direito previsto em lei. Isso significa que o afastamento n\u00e3o demonstra a inten\u00e7\u00e3o de simplesmente abandonar o emprego, mas de buscar, de acordo com as normas legais, o t\u00e9rmino do v\u00ednculo em raz\u00e3o de circunst\u00e2ncias que tornam a sua continuidade insustent\u00e1vel. Essa distin\u00e7\u00e3o \u00e9 fundamental para garantir que o empregado n\u00e3o seja injustamente penalizado por buscar seus direitos nos termos da legisla\u00e7\u00e3o trabalhista.<\/p>\n<h4>Aviso-pr\u00e9vio<\/h4>\n<p>Em regra, quando um empregado decide deixar o emprego por vontade pr\u00f3pria, ele deve cumprir um aviso-pr\u00e9vio. Entretanto, no TST, prevalece a interpreta\u00e7\u00e3o de que\u00a0<a href=\"https:\/\/consultaprocessual.tst.jus.br\/consultaProcessual\/resumoForm.do?consulta=1&amp;numeroInt=171101&amp;anoInt=2015\" target=\"_blank\" rel=\"noopener\" data-senna-off=\"true\">o ajuizamento de uma reclama\u00e7\u00e3o trabalhista com pedido de rescis\u00e3o indireta supre essa necessidade<\/a>. Nesse contexto, mesmo que o pedido seja indeferido, ele n\u00e3o ter\u00e1 de compensar o aviso-pr\u00e9vio com as poss\u00edveis verbas rescis\u00f3rias de responsabilidade do empregador.<\/p>\n<h4>Prote\u00e7\u00e3o de direitos<\/h4>\n<p>A rescis\u00e3o indireta, quando corretamente fundamentada e respaldada por evid\u00eancias, \u00e9 um valioso instrumento de prote\u00e7\u00e3o dos direitos do empregado diante de condi\u00e7\u00f5es adversas de trabalho e reiteradas viola\u00e7\u00f5es contratuais pelo empregador.<\/p>\n<p>Trata-se de um mecanismo legal a ser utilizado em car\u00e1ter excepcional, quando a manuten\u00e7\u00e3o do emprego se torna insustent\u00e1vel. Por isso, \u00e9 importante que seja utilizado com a lealdade que deve sempre reger a rela\u00e7\u00e3o entre empregador e empregado.<\/p>\n<p>Fonte: https:\/\/www.tst.jus.br\/noticias\/-\/asset_publisher\/89Dk\/content\/rescis%C3%A3o-indireta-quando-a-rela%C3%A7%C3%A3o-empregat%C3%ADcia-se-torna-insustent%C3%A1vel<\/p>\n","protected":false},"excerpt":{"rendered":"<p>Na vida profissional, nem sempre as coisas acontecem como deveriam. Situa\u00e7\u00f5es desgastantes e, por vezes, prejudiciais \u00e0 sa\u00fade f\u00edsica e mental no ambiente de trabalho podem levar um empregado a legalmente se recusar a realizar determinada tarefa ou at\u00e9 mesmo considerar a rescis\u00e3o do seu contrato de emprego. Nesse contexto, [&hellip;]<\/p>\n","protected":false},"author":4,"featured_media":31610,"comment_status":"open","ping_status":"open","sticky":false,"template":"","format":"standard","meta":{"footnotes":""},"categories":[1],"tags":[],"yoast_head":"<!-- This site is optimized with the Yoast SEO plugin v21.4 - https:\/\/yoast.com\/wordpress\/plugins\/seo\/ -->\n<title>Not\u00edcias do TST: Rescis\u00e3o indireta: quando a rela\u00e7\u00e3o empregat\u00edcia se torna insustent\u00e1vel - Nogueira Costa &amp; Paludo Advogados<\/title>\n<meta name=\"robots\" content=\"index, follow, max-snippet:-1, max-image-preview:large, max-video-preview:-1\" \/>\n<link rel=\"canonical\" href=\"https:\/\/ncpadvogados.com.br\/index.php\/2023\/12\/13\/noticias-do-tst-rescisao-indireta-quando-a-relacao-empregaticia-se-torna-insustentavel\/\" \/>\n<meta property=\"og:locale\" content=\"en_US\" \/>\n<meta property=\"og:type\" content=\"article\" \/>\n<meta property=\"og:title\" content=\"Not\u00edcias do TST: Rescis\u00e3o indireta: quando a rela\u00e7\u00e3o empregat\u00edcia se torna insustent\u00e1vel - Nogueira Costa &amp; Paludo Advogados\" \/>\n<meta property=\"og:description\" content=\"Na vida profissional, nem sempre as coisas acontecem como deveriam. Situa\u00e7\u00f5es desgastantes e, por vezes, prejudiciais \u00e0 sa\u00fade f\u00edsica e mental no ambiente de trabalho podem levar um empregado a legalmente se recusar a realizar determinada tarefa ou at\u00e9 mesmo considerar a rescis\u00e3o do seu contrato de emprego. Nesse contexto, [&hellip;]\" \/>\n<meta property=\"og:url\" content=\"https:\/\/ncpadvogados.com.br\/index.php\/2023\/12\/13\/noticias-do-tst-rescisao-indireta-quando-a-relacao-empregaticia-se-torna-insustentavel\/\" \/>\n<meta property=\"og:site_name\" content=\"Nogueira Costa &amp; Paludo Advogados\" \/>\n<meta property=\"article:published_time\" content=\"2023-12-13T15:02:38+00:00\" \/>\n<meta property=\"article:modified_time\" content=\"2023-12-13T19:45:33+00:00\" \/>\n<meta property=\"og:image\" content=\"http:\/\/ncpadvogados.com.br\/wp-content\/uploads\/2023\/12\/rescisao-indireta-do-contrato-de-trabalho.png\" \/>\n\t<meta property=\"og:image:width\" content=\"1080\" \/>\n\t<meta property=\"og:image:height\" content=\"1080\" \/>\n\t<meta property=\"og:image:type\" content=\"image\/png\" \/>\n<meta name=\"author\" content=\"Nogueira Costa\" \/>\n<meta name=\"twitter:card\" content=\"summary_large_image\" \/>\n<meta name=\"twitter:label1\" content=\"Written by\" \/>\n\t<meta name=\"twitter:data1\" content=\"Nogueira Costa\" \/>\n\t<meta name=\"twitter:label2\" content=\"Est. reading time\" \/>\n\t<meta name=\"twitter:data2\" content=\"6 minutes\" \/>\n<script type=\"application\/ld+json\" class=\"yoast-schema-graph\">{\"@context\":\"https:\/\/schema.org\",\"@graph\":[{\"@type\":\"Article\",\"@id\":\"https:\/\/ncpadvogados.com.br\/index.php\/2023\/12\/13\/noticias-do-tst-rescisao-indireta-quando-a-relacao-empregaticia-se-torna-insustentavel\/#article\",\"isPartOf\":{\"@id\":\"https:\/\/ncpadvogados.com.br\/index.php\/2023\/12\/13\/noticias-do-tst-rescisao-indireta-quando-a-relacao-empregaticia-se-torna-insustentavel\/\"},\"author\":{\"name\":\"Nogueira Costa\",\"@id\":\"https:\/\/ncpadvogados.com.br\/#\/schema\/person\/bfafefdad2938a8b4e0422c0d52996af\"},\"headline\":\"Not\u00edcias do TST: Rescis\u00e3o indireta: quando a rela\u00e7\u00e3o empregat\u00edcia se torna insustent\u00e1vel\",\"datePublished\":\"2023-12-13T15:02:38+00:00\",\"dateModified\":\"2023-12-13T19:45:33+00:00\",\"mainEntityOfPage\":{\"@id\":\"https:\/\/ncpadvogados.com.br\/index.php\/2023\/12\/13\/noticias-do-tst-rescisao-indireta-quando-a-relacao-empregaticia-se-torna-insustentavel\/\"},\"wordCount\":1250,\"commentCount\":0,\"publisher\":{\"@id\":\"https:\/\/ncpadvogados.com.br\/#organization\"},\"articleSection\":[\"Blog\"],\"inLanguage\":\"en-US\",\"potentialAction\":[{\"@type\":\"CommentAction\",\"name\":\"Comment\",\"target\":[\"https:\/\/ncpadvogados.com.br\/index.php\/2023\/12\/13\/noticias-do-tst-rescisao-indireta-quando-a-relacao-empregaticia-se-torna-insustentavel\/#respond\"]}]},{\"@type\":\"WebPage\",\"@id\":\"https:\/\/ncpadvogados.com.br\/index.php\/2023\/12\/13\/noticias-do-tst-rescisao-indireta-quando-a-relacao-empregaticia-se-torna-insustentavel\/\",\"url\":\"https:\/\/ncpadvogados.com.br\/index.php\/2023\/12\/13\/noticias-do-tst-rescisao-indireta-quando-a-relacao-empregaticia-se-torna-insustentavel\/\",\"name\":\"Not\u00edcias do TST: Rescis\u00e3o indireta: quando a rela\u00e7\u00e3o empregat\u00edcia se torna insustent\u00e1vel - Nogueira Costa &amp; Paludo Advogados\",\"isPartOf\":{\"@id\":\"https:\/\/ncpadvogados.com.br\/#website\"},\"datePublished\":\"2023-12-13T15:02:38+00:00\",\"dateModified\":\"2023-12-13T19:45:33+00:00\",\"breadcrumb\":{\"@id\":\"https:\/\/ncpadvogados.com.br\/index.php\/2023\/12\/13\/noticias-do-tst-rescisao-indireta-quando-a-relacao-empregaticia-se-torna-insustentavel\/#breadcrumb\"},\"inLanguage\":\"en-US\",\"potentialAction\":[{\"@type\":\"ReadAction\",\"target\":[\"https:\/\/ncpadvogados.com.br\/index.php\/2023\/12\/13\/noticias-do-tst-rescisao-indireta-quando-a-relacao-empregaticia-se-torna-insustentavel\/\"]}]},{\"@type\":\"BreadcrumbList\",\"@id\":\"https:\/\/ncpadvogados.com.br\/index.php\/2023\/12\/13\/noticias-do-tst-rescisao-indireta-quando-a-relacao-empregaticia-se-torna-insustentavel\/#breadcrumb\",\"itemListElement\":[{\"@type\":\"ListItem\",\"position\":1,\"name\":\"In\u00edcio\",\"item\":\"https:\/\/ncpadvogados.com.br\/\"},{\"@type\":\"ListItem\",\"position\":2,\"name\":\"Not\u00edcias do TST: Rescis\u00e3o indireta: quando a rela\u00e7\u00e3o empregat\u00edcia se torna insustent\u00e1vel\"}]},{\"@type\":\"WebSite\",\"@id\":\"https:\/\/ncpadvogados.com.br\/#website\",\"url\":\"https:\/\/ncpadvogados.com.br\/\",\"name\":\"Nogueira Costa &amp; Paludo Advogados\",\"description\":\"Atendimento especializado em direito empresarial, civil e trabalhista.\",\"publisher\":{\"@id\":\"https:\/\/ncpadvogados.com.br\/#organization\"},\"potentialAction\":[{\"@type\":\"SearchAction\",\"target\":{\"@type\":\"EntryPoint\",\"urlTemplate\":\"https:\/\/ncpadvogados.com.br\/?s={search_term_string}\"},\"query-input\":\"required name=search_term_string\"}],\"inLanguage\":\"en-US\"},{\"@type\":\"Organization\",\"@id\":\"https:\/\/ncpadvogados.com.br\/#organization\",\"name\":\"Nogueira Costa &amp; Paludo Advogados\",\"url\":\"https:\/\/ncpadvogados.com.br\/\",\"logo\":{\"@type\":\"ImageObject\",\"inLanguage\":\"en-US\",\"@id\":\"https:\/\/ncpadvogados.com.br\/#\/schema\/logo\/image\/\",\"url\":\"https:\/\/ncpadvogados.com.br\/wp-content\/uploads\/2023\/09\/cropped-logo.png\",\"contentUrl\":\"https:\/\/ncpadvogados.com.br\/wp-content\/uploads\/2023\/09\/cropped-logo.png\",\"width\":598,\"height\":415,\"caption\":\"Nogueira Costa &amp; Paludo Advogados\"},\"image\":{\"@id\":\"https:\/\/ncpadvogados.com.br\/#\/schema\/logo\/image\/\"}},{\"@type\":\"Person\",\"@id\":\"https:\/\/ncpadvogados.com.br\/#\/schema\/person\/bfafefdad2938a8b4e0422c0d52996af\",\"name\":\"Nogueira Costa\",\"image\":{\"@type\":\"ImageObject\",\"inLanguage\":\"en-US\",\"@id\":\"https:\/\/ncpadvogados.com.br\/#\/schema\/person\/image\/\",\"url\":\"https:\/\/secure.gravatar.com\/avatar\/182705a602daabb92e23aff7ab4bd5fe?s=96&d=mm&r=g\",\"contentUrl\":\"https:\/\/secure.gravatar.com\/avatar\/182705a602daabb92e23aff7ab4bd5fe?s=96&d=mm&r=g\",\"caption\":\"Nogueira Costa\"},\"sameAs\":[\"http:\/\/ncpadvogados.com.br\"],\"url\":\"https:\/\/ncpadvogados.com.br\/index.php\/author\/ncp\/\"}]}<\/script>\n<!-- \/ Yoast SEO plugin. -->","yoast_head_json":{"title":"Not\u00edcias do TST: Rescis\u00e3o indireta: quando a rela\u00e7\u00e3o empregat\u00edcia se torna insustent\u00e1vel - Nogueira Costa &amp; Paludo Advogados","robots":{"index":"index","follow":"follow","max-snippet":"max-snippet:-1","max-image-preview":"max-image-preview:large","max-video-preview":"max-video-preview:-1"},"canonical":"https:\/\/ncpadvogados.com.br\/index.php\/2023\/12\/13\/noticias-do-tst-rescisao-indireta-quando-a-relacao-empregaticia-se-torna-insustentavel\/","og_locale":"en_US","og_type":"article","og_title":"Not\u00edcias do TST: Rescis\u00e3o indireta: quando a rela\u00e7\u00e3o empregat\u00edcia se torna insustent\u00e1vel - Nogueira Costa &amp; Paludo Advogados","og_description":"Na vida profissional, nem sempre as coisas acontecem como deveriam. Situa\u00e7\u00f5es desgastantes e, por vezes, prejudiciais \u00e0 sa\u00fade f\u00edsica e mental no ambiente de trabalho podem levar um empregado a legalmente se recusar a realizar determinada tarefa ou at\u00e9 mesmo considerar a rescis\u00e3o do seu contrato de emprego. Nesse contexto, [&hellip;]","og_url":"https:\/\/ncpadvogados.com.br\/index.php\/2023\/12\/13\/noticias-do-tst-rescisao-indireta-quando-a-relacao-empregaticia-se-torna-insustentavel\/","og_site_name":"Nogueira Costa &amp; Paludo Advogados","article_published_time":"2023-12-13T15:02:38+00:00","article_modified_time":"2023-12-13T19:45:33+00:00","og_image":[{"width":1080,"height":1080,"url":"http:\/\/ncpadvogados.com.br\/wp-content\/uploads\/2023\/12\/rescisao-indireta-do-contrato-de-trabalho.png","type":"image\/png"}],"author":"Nogueira Costa","twitter_card":"summary_large_image","twitter_misc":{"Written by":"Nogueira Costa","Est. reading time":"6 minutes"},"schema":{"@context":"https:\/\/schema.org","@graph":[{"@type":"Article","@id":"https:\/\/ncpadvogados.com.br\/index.php\/2023\/12\/13\/noticias-do-tst-rescisao-indireta-quando-a-relacao-empregaticia-se-torna-insustentavel\/#article","isPartOf":{"@id":"https:\/\/ncpadvogados.com.br\/index.php\/2023\/12\/13\/noticias-do-tst-rescisao-indireta-quando-a-relacao-empregaticia-se-torna-insustentavel\/"},"author":{"name":"Nogueira Costa","@id":"https:\/\/ncpadvogados.com.br\/#\/schema\/person\/bfafefdad2938a8b4e0422c0d52996af"},"headline":"Not\u00edcias do TST: Rescis\u00e3o indireta: quando a rela\u00e7\u00e3o empregat\u00edcia se torna insustent\u00e1vel","datePublished":"2023-12-13T15:02:38+00:00","dateModified":"2023-12-13T19:45:33+00:00","mainEntityOfPage":{"@id":"https:\/\/ncpadvogados.com.br\/index.php\/2023\/12\/13\/noticias-do-tst-rescisao-indireta-quando-a-relacao-empregaticia-se-torna-insustentavel\/"},"wordCount":1250,"commentCount":0,"publisher":{"@id":"https:\/\/ncpadvogados.com.br\/#organization"},"articleSection":["Blog"],"inLanguage":"en-US","potentialAction":[{"@type":"CommentAction","name":"Comment","target":["https:\/\/ncpadvogados.com.br\/index.php\/2023\/12\/13\/noticias-do-tst-rescisao-indireta-quando-a-relacao-empregaticia-se-torna-insustentavel\/#respond"]}]},{"@type":"WebPage","@id":"https:\/\/ncpadvogados.com.br\/index.php\/2023\/12\/13\/noticias-do-tst-rescisao-indireta-quando-a-relacao-empregaticia-se-torna-insustentavel\/","url":"https:\/\/ncpadvogados.com.br\/index.php\/2023\/12\/13\/noticias-do-tst-rescisao-indireta-quando-a-relacao-empregaticia-se-torna-insustentavel\/","name":"Not\u00edcias do TST: Rescis\u00e3o indireta: quando a rela\u00e7\u00e3o empregat\u00edcia se torna insustent\u00e1vel - Nogueira Costa &amp; Paludo Advogados","isPartOf":{"@id":"https:\/\/ncpadvogados.com.br\/#website"},"datePublished":"2023-12-13T15:02:38+00:00","dateModified":"2023-12-13T19:45:33+00:00","breadcrumb":{"@id":"https:\/\/ncpadvogados.com.br\/index.php\/2023\/12\/13\/noticias-do-tst-rescisao-indireta-quando-a-relacao-empregaticia-se-torna-insustentavel\/#breadcrumb"},"inLanguage":"en-US","potentialAction":[{"@type":"ReadAction","target":["https:\/\/ncpadvogados.com.br\/index.php\/2023\/12\/13\/noticias-do-tst-rescisao-indireta-quando-a-relacao-empregaticia-se-torna-insustentavel\/"]}]},{"@type":"BreadcrumbList","@id":"https:\/\/ncpadvogados.com.br\/index.php\/2023\/12\/13\/noticias-do-tst-rescisao-indireta-quando-a-relacao-empregaticia-se-torna-insustentavel\/#breadcrumb","itemListElement":[{"@type":"ListItem","position":1,"name":"In\u00edcio","item":"https:\/\/ncpadvogados.com.br\/"},{"@type":"ListItem","position":2,"name":"Not\u00edcias do TST: Rescis\u00e3o indireta: quando a rela\u00e7\u00e3o empregat\u00edcia se torna insustent\u00e1vel"}]},{"@type":"WebSite","@id":"https:\/\/ncpadvogados.com.br\/#website","url":"https:\/\/ncpadvogados.com.br\/","name":"Nogueira Costa &amp; Paludo Advogados","description":"Atendimento especializado em direito empresarial, civil e trabalhista.","publisher":{"@id":"https:\/\/ncpadvogados.com.br\/#organization"},"potentialAction":[{"@type":"SearchAction","target":{"@type":"EntryPoint","urlTemplate":"https:\/\/ncpadvogados.com.br\/?s={search_term_string}"},"query-input":"required name=search_term_string"}],"inLanguage":"en-US"},{"@type":"Organization","@id":"https:\/\/ncpadvogados.com.br\/#organization","name":"Nogueira Costa &amp; Paludo Advogados","url":"https:\/\/ncpadvogados.com.br\/","logo":{"@type":"ImageObject","inLanguage":"en-US","@id":"https:\/\/ncpadvogados.com.br\/#\/schema\/logo\/image\/","url":"https:\/\/ncpadvogados.com.br\/wp-content\/uploads\/2023\/09\/cropped-logo.png","contentUrl":"https:\/\/ncpadvogados.com.br\/wp-content\/uploads\/2023\/09\/cropped-logo.png","width":598,"height":415,"caption":"Nogueira Costa &amp; Paludo Advogados"},"image":{"@id":"https:\/\/ncpadvogados.com.br\/#\/schema\/logo\/image\/"}},{"@type":"Person","@id":"https:\/\/ncpadvogados.com.br\/#\/schema\/person\/bfafefdad2938a8b4e0422c0d52996af","name":"Nogueira Costa","image":{"@type":"ImageObject","inLanguage":"en-US","@id":"https:\/\/ncpadvogados.com.br\/#\/schema\/person\/image\/","url":"https:\/\/secure.gravatar.com\/avatar\/182705a602daabb92e23aff7ab4bd5fe?s=96&d=mm&r=g","contentUrl":"https:\/\/secure.gravatar.com\/avatar\/182705a602daabb92e23aff7ab4bd5fe?s=96&d=mm&r=g","caption":"Nogueira Costa"},"sameAs":["http:\/\/ncpadvogados.com.br"],"url":"https:\/\/ncpadvogados.com.br\/index.php\/author\/ncp\/"}]}},"_links":{"self":[{"href":"https:\/\/ncpadvogados.com.br\/index.php\/wp-json\/wp\/v2\/posts\/31608"}],"collection":[{"href":"https:\/\/ncpadvogados.com.br\/index.php\/wp-json\/wp\/v2\/posts"}],"about":[{"href":"https:\/\/ncpadvogados.com.br\/index.php\/wp-json\/wp\/v2\/types\/post"}],"author":[{"embeddable":true,"href":"https:\/\/ncpadvogados.com.br\/index.php\/wp-json\/wp\/v2\/users\/4"}],"replies":[{"embeddable":true,"href":"https:\/\/ncpadvogados.com.br\/index.php\/wp-json\/wp\/v2\/comments?post=31608"}],"version-history":[{"count":2,"href":"https:\/\/ncpadvogados.com.br\/index.php\/wp-json\/wp\/v2\/posts\/31608\/revisions"}],"predecessor-version":[{"id":31611,"href":"https:\/\/ncpadvogados.com.br\/index.php\/wp-json\/wp\/v2\/posts\/31608\/revisions\/31611"}],"wp:featuredmedia":[{"embeddable":true,"href":"https:\/\/ncpadvogados.com.br\/index.php\/wp-json\/wp\/v2\/media\/31610"}],"wp:attachment":[{"href":"https:\/\/ncpadvogados.com.br\/index.php\/wp-json\/wp\/v2\/media?parent=31608"}],"wp:term":[{"taxonomy":"category","embeddable":true,"href":"https:\/\/ncpadvogados.com.br\/index.php\/wp-json\/wp\/v2\/categories?post=31608"},{"taxonomy":"post_tag","embeddable":true,"href":"https:\/\/ncpadvogados.com.br\/index.php\/wp-json\/wp\/v2\/tags?post=31608"}],"curies":[{"name":"wp","href":"https:\/\/api.w.org\/{rel}","templated":true}]}}